{"id":1253,"date":"2019-01-06T14:08:57","date_gmt":"2019-01-06T13:08:57","guid":{"rendered":"http:\/\/www.fokusantiatom.ch\/?p=1253"},"modified":"2019-05-09T20:39:17","modified_gmt":"2019-05-09T18:39:17","slug":"akw-katastrophenschutz-unzureichend","status":"publish","type":"post","link":"https:\/\/www.fokusantiatom.ch\/?p=1253","title":{"rendered":"AKW-Katastrophenschutz unzureichend"},"content":{"rendered":"\n<p><strong>Sollte sich 2019, im letzten Betriebsjahr des AKW M\u00fchleberg, ein Unfall ereignen w\u00e4re die Berner Bev\u00f6lkerung unzureichend gegen die Katastrophe gesch\u00fctzt. Diese\u00a0Gef\u00e4hrdung\u00a0wird\u00a0durch\u00a0das\u00a0ENSI\u00a0hingenommen,\u00a0auch\u00a0wenn\u00a0es\u00a0am\u00a0Hochwasserschutz des AKW zweifelt.\u00a0<\/strong><\/p>\n\n\n\n<p>Der Bundesrat hatte im November 2018 die Totalrevision der Verordnung \u00fcber den&nbsp;<a href=\"https:\/\/www.admin.ch\/gov\/de\/start\/dokumentation\/medienmitteilungen.msg-id-72913.html?fbclid=IwAR3d075Mc8d9li2UQSmOh0j3aZ-XRXCtX8y8PbdkcE0ngPETPSOoztF04Qc\" target=\"_blank\" rel=\"noreferrer noopener\">Notfallschutz in der Umgebung von Kernanlagen<\/a>&nbsp;(Notfallschutzverordnung, NFSV) verabschiedet. Sie tritt am 1. Januar 2019 in Kraft.<\/p>\n\n\n\n<p>Die Anpassung erfolgte erst 7 Jahre nach dem Erkenntnisgewinn durch den Super-Gau Fukushima. Bis zur Umsetzung der Massnahmen wird M\u00fchleberg stillgelegt sein. Oder anders betrachtet:\u00a0<strong><em>Das AKW M\u00fchleberg wird uns bis zum Ende seines Betriebs am 20. Dez. 2019 gef\u00e4hrden.\u00a0<\/em><\/strong>Vielleicht auch dar\u00fcber hinaus, denn nach Planung werden sich noch bis 2024 radioaktive Brennelemente im Abklingbecken des AKW M\u00fchleberg befinden.<\/p>\n\n\n\n<p>Die Bedrohung ist real, dies zeigt auch eine k\u00fcrzlich aufgestellte Forderung des ENSI. Das ENSI fordert die BKW Jahre nach dem Fukushima-GAU auf, den\u00a0<a rel=\"noreferrer noopener\" href=\"https:\/\/www.derbund.ch\/bern\/kanton\/hochwasserplan-fuer-akw-muehleberg-soll-ueberarbeitet-werden\/story\/19856205?fbclid=IwAR3wa3ibyXKv0OrVh6rJqlVH_9a_5F7L0iaZXWqJ-_qwuRchjNTBxXKwl0M\" target=\"_blank\">Hochwasser-Plan\u00a0<\/a>f\u00fcr das AKW M\u00fchleberg zu \u00fcberarbeiten.<\/p>\n\n\n\n<figure class=\"wp-block-image\"><img loading=\"lazy\" decoding=\"async\" width=\"1024\" height=\"768\" src=\"https:\/\/www.fokusantiatom.ch\/wp-content\/uploads\/2019\/01\/P1050812-1024x768.jpg\" alt=\"\" class=\"wp-image-1254\" srcset=\"https:\/\/www.fokusantiatom.ch\/wp-content\/uploads\/2019\/01\/P1050812-1024x768.jpg 1024w, https:\/\/www.fokusantiatom.ch\/wp-content\/uploads\/2019\/01\/P1050812-300x225.jpg 300w, https:\/\/www.fokusantiatom.ch\/wp-content\/uploads\/2019\/01\/P1050812-768x576.jpg 768w\" sizes=\"auto, (max-width: 1024px) 100vw, 1024px\" \/><\/figure>\n\n\n\n<p>Schon 1990 machte unsere Vorg\u00e4nger-Organisation AM\u00fcS auf die \u00dcberflutungsgefahr f\u00fcr das AKW M\u00fchleberg aufmerksam. Nach dem Fukushima-GAU stand das AKW M\u00fchleberg kurz vor der Stilllegung; es wurde erkannt dass die Reaktor- K\u00fchlwasserversorgung im Falle einer \u00dcberflutung nicht gew\u00e4hrleistet werden konnte. Kurzerhand wurden in der Aare Einleitbauwerke umgestaltet. Sp\u00e4ter zeigte sich, dass auch das\u00a0Wohlensee-Wasserkraftwerk welches nur eine Flussbiegung oberhalb des AKW liegt, das AKW gef\u00e4hrdet. Kurzerhand wurden auch hier Massnahmen getroffen, die Staumauer verankert.<\/p>\n\n\n\n<p>Die Verschleppungstaktik des ENSI ist im Interesse der AKW-Betreiber. So konnte sich das AKW M\u00fchleberg welches bei weitem nicht auf dem Stand der Technik ist und sp\u00e4testens 2011 h\u00e4tte stilllgelegt werden m\u00fcssen, bis ins 2019 retten. Und das AKW Beznau welches sich auch unter den \u00e4ltesten AKW der Welt befindet, ist bereits auf dem Weg zu seinem Betrieb bis zum 60-ten Altersjahr, denn ein Stilllegungsdatum ist nicht absehbar, vom ENSI nicht gefordert. Die Schweiz ist ein Atom-Fossil das sich nicht bewegt!<\/p>\n\n\n\n<p>Wir erinnern uns an die Aussage im\u00a0<a rel=\"noreferrer noopener\" href=\"https:\/\/www.bkw.ch\/fileadmin\/user_upload\/4_Ueber_BKW\/Kraftwerke\/2014_Osart_and_FU__Report_Muehleberg.pdf\" target=\"_blank\">OSART Bericht<\/a> der IAEA zur Inspektion im AKW M\u00fchleberg 2013. Eine Organisation welche sich der F\u00f6rderung der Atomenergie verschrieben hat.<\/p>\n\n\n\n<p><em>1.5(1) Das Industrielle Sicherheitsprogramm entspricht nicht dem guten Standard der Atomindustrie.&nbsp;\u201eThe industrial safety programme is not in line with good industry standards.\u201c<\/em><\/p>\n","protected":false},"excerpt":{"rendered":"<p>Sollte sich 2019, im letzten Betriebsjahr des AKW M\u00fchleberg, ein<\/p>\n","protected":false},"author":1,"featured_media":1442,"comment_status":"closed","ping_status":"closed","sticky":false,"template":"","format":"standard","meta":{"footnotes":""},"categories":[64,6],"tags":[],"class_list":["post-1253","post","type-post","status-publish","format-standard","has-post-thumbnail","hentry","category-akw","category-muehleberg"],"_links":{"self":[{"href":"https:\/\/www.fokusantiatom.ch\/index.php?rest_route=\/wp\/v2\/posts\/1253","targetHints":{"allow":["GET"]}}],"collection":[{"href":"https:\/\/www.fokusantiatom.ch\/index.php?rest_route=\/wp\/v2\/posts"}],"about":[{"href":"https:\/\/www.fokusantiatom.ch\/index.php?rest_route=\/wp\/v2\/types\/post"}],"author":[{"embeddable":true,"href":"https:\/\/www.fokusantiatom.ch\/index.php?rest_route=\/wp\/v2\/users\/1"}],"replies":[{"embeddable":true,"href":"https:\/\/www.fokusantiatom.ch\/index.php?rest_route=%2Fwp%2Fv2%2Fcomments&post=1253"}],"version-history":[{"count":7,"href":"https:\/\/www.fokusantiatom.ch\/index.php?rest_route=\/wp\/v2\/posts\/1253\/revisions"}],"predecessor-version":[{"id":1524,"href":"https:\/\/www.fokusantiatom.ch\/index.php?rest_route=\/wp\/v2\/posts\/1253\/revisions\/1524"}],"wp:featuredmedia":[{"embeddable":true,"href":"https:\/\/www.fokusantiatom.ch\/index.php?rest_route=\/wp\/v2\/media\/1442"}],"wp:attachment":[{"href":"https:\/\/www.fokusantiatom.ch\/index.php?rest_route=%2Fwp%2Fv2%2Fmedia&parent=1253"}],"wp:term":[{"taxonomy":"category","embeddable":true,"href":"https:\/\/www.fokusantiatom.ch\/index.php?rest_route=%2Fwp%2Fv2%2Fcategories&post=1253"},{"taxonomy":"post_tag","embeddable":true,"href":"https:\/\/www.fokusantiatom.ch\/index.php?rest_route=%2Fwp%2Fv2%2Ftags&post=1253"}],"curies":[{"name":"wp","href":"https:\/\/api.w.org\/{rel}","templated":true}]}}