{"id":1551,"date":"2019-06-03T23:38:24","date_gmt":"2019-06-03T21:38:24","guid":{"rendered":"http:\/\/www.fokusantiatom.ch\/?p=1551"},"modified":"2019-06-06T22:45:33","modified_gmt":"2019-06-06T20:45:33","slug":"schweiz-betreibt-ueberalterte-akw","status":"publish","type":"post","link":"https:\/\/www.fokusantiatom.ch\/?p=1551","title":{"rendered":"Schweiz betreibt \u00fcberalterte AKW"},"content":{"rendered":"\n<p>Die NZZ am Sonntag vom 02.06.2019 titelte: \u201eEnergiewende: Der Bund plant\nmit l\u00e4ngeren Laufzeiten f\u00fcr AKW\u201c. Laut NZZ plant der Bund die Lebensdauer der\nbestehenden AKW auf 60 Jahre zu verl\u00e4ngern. Das Experiment Laufzeitverl\u00e4ngerung\nwird in der Schweiz auf die Spitze getrieben, kein anderes Land reizt die\nLebensdauer seiner AKW derart aus. Im weltweiten Durchschnitt gingen die AKW\nmit 28 Jahren vom Netz! Schweizer AKW sind schon heute 50 bzw 48 Jahre alt.&nbsp;<\/p>\n\n\n\n<p>Das AKW M\u00fchleberg wird Ende 2019 als zweit\u00e4ltestes AKW der Welt vom Netz\ngehen. Die AKW Beznau-1 (1969) und Beznau-2 (1971) welche dieses Jahr 49 und 50\nJ\u00e4hrig werden, haben bis heute kein Abschaltdatum.<\/p>\n\n\n\n<p><strong>Fokus Anti-Atom hat die Betriebsdauer der weltweit\nstillgelegten AKW aufgelistet.&nbsp;<\/strong><\/p>\n\n\n\n<p>\u00dcberalterte Schweizer AKW, \u00fcberzeuge dich selbst! Statistik anhand der\nDaten der IAEA.<\/p>\n\n\n<a href=\"https:\/\/www.fokusantiatom.ch\/wp-content\/uploads\/2019\/06\/Alter-stilllgelegter-AKW.pdf\" class=\"pdfemb-viewer\" style=\"\" data-width=\"max\" data-height=\"max\" data-toolbar=\"bottom\" data-toolbar-fixed=\"on\">Alter-stilllgelegter-AKW<\/a>\n<p class=\"wp-block-pdfemb-pdf-embedder-viewer\"><\/p>\n\n\n\n<p>Das BfE schrieb: &#8222;Man habe in neuen Szenarien nicht bei 50 Jahren bleiben k\u00f6nnen, weil sonst <strong>DIE REALIT\u00c4T AUSGEBLENDET WERDE<\/strong>.&#8220;<\/p>\n\n\n\n<p>fragt sich nur, welche Realit\u00e4t da gemeint ist: Die zunehmende Verspr\u00f6dung der\nAKW- Baumaterialien durch den intensiven Neutronenbeschuss kann bei dieser\nAusblendung nicht das Thema gewesen sein.<\/p>\n\n\n\n<p>Der unaufhaltsame Verlust an Materialfestigkeit der AKW im Laufe des\nBetriebes f\u00fchrte mit dazu, dass man bisher mit maximal 40 Betriebsjahren rechnete.\n<\/p>\n\n\n\n<p>Das Ph\u00e4nomen Neutronenverspr\u00f6dung wurde auch weitgehend ausgeblendet, als\nman akzeptierte dass alte AKW bei schwerem Kernschaden mit vorgew\u00e4rmtem Wasser\nnotgek\u00fchlt werden m\u00fcssen. Beim Benutzen von kaltem Wasser k\u00f6nnte der Druckbeh\u00e4lter\nbersten! Ein neuer Druckbeh\u00e4lter h\u00e4lt thermische Schocks aus, bei verspr\u00f6deten Komponenten\nwird im Notfall das K\u00fchlen mit jedem zus\u00e4tzlichen Betriebsjahr riskanter! *<\/p>\n\n\n\n<p>Der vom BfE mitverantwortete alterungslose Reaktor ist tintengek\u00fchlt und\npapiermoderiert.<\/p>\n\n\n\n<p>B\u00f6rsenkurse, Wettervorhersagen, Strafgesetze; alles ist dem Wandel\nunterworfen. \n\nDie Physik hingegen hat sich als sichere Planungsgrundlage bew\u00e4hrt; man\nsollte sie nicht mutwillig ausblenden.\n\n\n\n<\/p>\n\n\n<div class=\"ead-preview\"><div class=\"ead-document\" style=\"position: relative\"><iframe src=\"\/\/view.officeapps.live.com\/op\/embed.aspx?src=http%3A%2F%2Fwww.fokusantiatom.ch%2Fwp-content%2Fuploads%2F2019%2F06%2FAbfr_NuclearplanetCH_In_Betrieb_Jahre.xlsx\" title=\"Eingebettetes Dokument\" class=\"ead-iframe\" style=\"width: 100%;height: 50%;border: none;min-height: 500px;\"><\/iframe><\/div><p class=\"embed_download\"><a href=\"http:\/\/www.fokusantiatom.ch\/wp-content\/uploads\/2019\/06\/Abfr_NuclearplanetCH_In_Betrieb_Jahre.xlsx\" download>Download [169.00 B] <\/a><\/p><\/div>","protected":false},"excerpt":{"rendered":"<p>Die NZZ am Sonntag vom 02.06.2019 titelte: \u201eEnergiewende: Der Bund<\/p>\n","protected":false},"author":1,"featured_media":1474,"comment_status":"closed","ping_status":"closed","sticky":false,"template":"","format":"standard","meta":{"footnotes":""},"categories":[1],"tags":[],"class_list":["post-1551","post","type-post","status-publish","format-standard","has-post-thumbnail","hentry","category-allgemein"],"_links":{"self":[{"href":"https:\/\/www.fokusantiatom.ch\/index.php?rest_route=\/wp\/v2\/posts\/1551","targetHints":{"allow":["GET"]}}],"collection":[{"href":"https:\/\/www.fokusantiatom.ch\/index.php?rest_route=\/wp\/v2\/posts"}],"about":[{"href":"https:\/\/www.fokusantiatom.ch\/index.php?rest_route=\/wp\/v2\/types\/post"}],"author":[{"embeddable":true,"href":"https:\/\/www.fokusantiatom.ch\/index.php?rest_route=\/wp\/v2\/users\/1"}],"replies":[{"embeddable":true,"href":"https:\/\/www.fokusantiatom.ch\/index.php?rest_route=%2Fwp%2Fv2%2Fcomments&post=1551"}],"version-history":[{"count":4,"href":"https:\/\/www.fokusantiatom.ch\/index.php?rest_route=\/wp\/v2\/posts\/1551\/revisions"}],"predecessor-version":[{"id":1558,"href":"https:\/\/www.fokusantiatom.ch\/index.php?rest_route=\/wp\/v2\/posts\/1551\/revisions\/1558"}],"wp:featuredmedia":[{"embeddable":true,"href":"https:\/\/www.fokusantiatom.ch\/index.php?rest_route=\/wp\/v2\/media\/1474"}],"wp:attachment":[{"href":"https:\/\/www.fokusantiatom.ch\/index.php?rest_route=%2Fwp%2Fv2%2Fmedia&parent=1551"}],"wp:term":[{"taxonomy":"category","embeddable":true,"href":"https:\/\/www.fokusantiatom.ch\/index.php?rest_route=%2Fwp%2Fv2%2Fcategories&post=1551"},{"taxonomy":"post_tag","embeddable":true,"href":"https:\/\/www.fokusantiatom.ch\/index.php?rest_route=%2Fwp%2Fv2%2Ftags&post=1551"}],"curies":[{"name":"wp","href":"https:\/\/api.w.org\/{rel}","templated":true}]}}