{"id":1656,"date":"2019-11-03T16:40:37","date_gmt":"2019-11-03T15:40:37","guid":{"rendered":"http:\/\/www.fokusantiatom.ch\/?p=1656"},"modified":"2019-11-03T16:50:34","modified_gmt":"2019-11-03T15:50:34","slug":"rueckschlag-fuer-generation-4-reaktoren","status":"publish","type":"post","link":"https:\/\/www.fokusantiatom.ch\/?p=1656","title":{"rendered":"R\u00fcckschlag f\u00fcr GeNeratioN 4 Reaktoren"},"content":{"rendered":"\n<p>Am 31. August hat die Franz\u00f6sische Regierung die Aufgabe des Astrid-Projekts beschlossen. Der vorzeitige Abschluss des Projekts erinnert an die gro\u00dfen M\u00e4ngel, die die Entwicklung des Atomsektors in Frankreich gepr\u00e4gt haben.<\/p>\n\n\n\n<p>ASTRID (Advanced Sodium Technological Reactor for Industrial Demonstration) sollte ein 600 Megawatt starker natriumgek\u00fchlter Brutreaktor der Generation IV werden, vorgeschlagen vom franz\u00f6sischen Commissariat \u00e0 l\u2019\u00e9nergie atomique et aux \u00e9nergies alternatives (CEA). Er sollte vor allem die Transmutation von Atomm\u00fcll voranbringen und damit den nuklearen Brennstoffkreislauf schlie\u00dfen. Nach Unf\u00e4llen im Natriumbr\u00fcter Monju und dessen Stilllegung beteiligte sich auch Japan am ASTRID-Projekt. Der Reaktor sollte am Standort Marcoule als Nachfolger von Ph\u00e9nix gebaut werden, dem ersten kommerziellen Brutreaktor.<\/p>\n\n\n\n<p><a href=\"https:\/\/www.usinenouvelle.com\/article\/l-abandon-du-projet-astrid-menace-la-filiere-nucleaire-en-france.N878975\">https:\/\/www.usinenouvelle.com\/article\/l-abandon-du-projet-astrid-menace-la-filiere-nucleaire-en-france.N878975<\/a><\/p>\n\n\n\n<p>2015 propagierte die Umweltministerin Segolene Royal, dass Frankreich mehrere der neuen Generation-4 Reaktoren des neuen Typ ASTRID bauen werde.<\/p>\n\n\n\n<p><a href=\"https:\/\/www.lemonde.fr\/economie\/article\/2015\/01\/16\/astrid-le-nouveau-reacteur-francais-a-5-milliards-d-euros_4557985_3234.html\">https:\/\/www.lemonde.fr\/economie\/article\/2015\/01\/16\/astrid-le-nouveau-reacteur-francais-a-5-milliards-d-euros_4557985_3234.html<\/a><\/p>\n\n\n\n<h2 class=\"wp-block-heading\">EPR Vom Regen unter die Traufe<\/h2>\n\n\n\n<p>Nachdem Frankreich vom Projekt ASTRID zur\u00fccktrat, publizierte &#8222;L&#8217;usine Nouvelle den Artikel &#8222;Misserfolge des Franz\u00f6sischen Atomprogramms&#8220;. Was Frankreich bleibt ist die Hoffnung auf den (Europ\u00e4ischer Druckwasser Reaktor) EPR , welcher ausser Versp\u00e4tungen, technischen Problemen auch Immense Kosten\u00fcberschreitungen ausweist.  Trotzdem k\u00fcndigt Frankreich an es wolle weitere 6 Stk. EPR bauen.  <\/p>\n\n\n\n<p> <a href=\"https:\/\/www.heise.de\/tp\/features\/Frankreich-visiert-Neubau-von-sechs-EPR-2-Reaktoren-an-4556636.html\">https:\/\/www.heise.de\/tp\/features\/Frankreich-visiert-Neubau-von-sechs-EPR-2-Reaktoren-an-4556636.html<\/a> <\/p>\n\n\n\n<p><a href=\"https:\/\/de.sputniknews.com\/technik\/20191102325943793-franzoesischer-atomreaktor-fiasko-paris\/\">https:\/\/de.sputniknews.com\/technik\/20191102325943793-franzoesischer-atomreaktor-fiasko-paris\/<\/a><\/p>\n\n\n\n<p><a href=\"https:\/\/www.deutschlandfunk.de\/atomkraft-franzoesischer-vorzeige-reaktor-kommt-nicht-voran.697.de.html?dram:article_id=462406\">https:\/\/www.deutschlandfunk.de\/atomkraft-franzoesischer-vorzeige-reaktor-kommt-nicht-voran.697.de.html?dram:article_id=462406<\/a><\/p>\n\n\n\n<figure class=\"wp-block-image\"><img decoding=\"async\" src=\"https:\/\/img.aws.la-croix.com\/2019\/06\/20\/1301030192\/EPR-Flamanville_1_729_535.jpg\" alt=\"\"\/><\/figure>\n\n\n\n<p>La Croix. com 20.06.2019: EPR de Flamanville: nouveau retard en raison de soudures \u00e0 r\u00e9parer<\/p>\n\n\n\n<h2 class=\"wp-block-heading\">Schweiz Mitglied im Generation-IV Forum  <\/h2>\n\n\n\n<p> Das Internationale Forum der <a href=\"https:\/\/www.gen-4.org\/gif\/\" target=\"_blank\" rel=\"noreferrer noopener\" aria-label=\"Generation IV (GIF) (\u00f6ffnet in neuem Tab)\">Generation IV (GIF)<\/a> wurde vom US-Energieministerium im Jahr 2000 initiiert und Mitte 2001 offiziell gechartert. Es ist ein internationales Kollektiv, das Regierungen aus 13 L\u00e4ndern vertritt.Sie engagieren sich f\u00fcr die gemeinsame Entwicklung der n\u00e4chsten Generation Atomreaktoren. Die Gr\u00fcndungsmitglieder von GIF sind Argentinien, Brasilien, Kanada, Frankreich, Japan, S\u00fcdkorea, S\u00fcdafrika, Gro\u00dfbritannien und die USA. Hinzugekommen sind die Schweiz, China, Russland, Australien und \u00fcber das Forschungs- und Ausbildungsprogramm Euratom die Europ\u00e4ische Union.<\/p>\n\n\n\n<p><a href=\"https:\/\/www.world-nuclear.org\/information-library\/nuclear-fuel-cycle\/nuclear-power-reactors\/generation-iv-nuclear-reactors.aspx\">https:\/\/www.world-nuclear.org\/information-library\/nuclear-fuel-cycle\/nuclear-power-reactors\/generation-iv-nuclear-reactors.aspx<\/a><\/p>\n\n\n\n<p><\/p>\n","protected":false},"excerpt":{"rendered":"<p>Am 31. August hat die Franz\u00f6sische Regierung die Aufgabe des<\/p>\n","protected":false},"author":1,"featured_media":1657,"comment_status":"closed","ping_status":"closed","sticky":false,"template":"","format":"standard","meta":{"footnotes":""},"categories":[64,1],"tags":[88,87],"class_list":["post-1656","post","type-post","status-publish","format-standard","has-post-thumbnail","hentry","category-akw","category-allgemein","tag-epr","tag-generation-iv"],"_links":{"self":[{"href":"https:\/\/www.fokusantiatom.ch\/index.php?rest_route=\/wp\/v2\/posts\/1656","targetHints":{"allow":["GET"]}}],"collection":[{"href":"https:\/\/www.fokusantiatom.ch\/index.php?rest_route=\/wp\/v2\/posts"}],"about":[{"href":"https:\/\/www.fokusantiatom.ch\/index.php?rest_route=\/wp\/v2\/types\/post"}],"author":[{"embeddable":true,"href":"https:\/\/www.fokusantiatom.ch\/index.php?rest_route=\/wp\/v2\/users\/1"}],"replies":[{"embeddable":true,"href":"https:\/\/www.fokusantiatom.ch\/index.php?rest_route=%2Fwp%2Fv2%2Fcomments&post=1656"}],"version-history":[{"count":3,"href":"https:\/\/www.fokusantiatom.ch\/index.php?rest_route=\/wp\/v2\/posts\/1656\/revisions"}],"predecessor-version":[{"id":1661,"href":"https:\/\/www.fokusantiatom.ch\/index.php?rest_route=\/wp\/v2\/posts\/1656\/revisions\/1661"}],"wp:featuredmedia":[{"embeddable":true,"href":"https:\/\/www.fokusantiatom.ch\/index.php?rest_route=\/wp\/v2\/media\/1657"}],"wp:attachment":[{"href":"https:\/\/www.fokusantiatom.ch\/index.php?rest_route=%2Fwp%2Fv2%2Fmedia&parent=1656"}],"wp:term":[{"taxonomy":"category","embeddable":true,"href":"https:\/\/www.fokusantiatom.ch\/index.php?rest_route=%2Fwp%2Fv2%2Fcategories&post=1656"},{"taxonomy":"post_tag","embeddable":true,"href":"https:\/\/www.fokusantiatom.ch\/index.php?rest_route=%2Fwp%2Fv2%2Ftags&post=1656"}],"curies":[{"name":"wp","href":"https:\/\/api.w.org\/{rel}","templated":true}]}}