{"id":2681,"date":"2025-01-14T23:28:34","date_gmt":"2025-01-14T22:28:34","guid":{"rendered":"https:\/\/www.fokusantiatom.ch\/?p=2681"},"modified":"2025-02-07T11:02:34","modified_gmt":"2025-02-07T10:02:34","slug":"marthalen-neue-akw","status":"publish","type":"post","link":"https:\/\/www.fokusantiatom.ch\/?p=2681","title":{"rendered":"Marthalen &#8222;Neue AKW&#8220;?"},"content":{"rendered":"\n<p>Das M\u00e4rchen beginnt so: \u201eEs wird einmal ein neues, modernes Atomkraftwerk geben, viel besser als alle vorherigen AKWs.\u201c Im Klartext heist das: Der Bundesrat will das AKW-Neubauverbot aufheben. Laut Energieminister Ro\u0308sti soll Atom wieder eine Option f\u00fcr die Zukunft werden. Darauf zielt auch die tr\u00fcgerische SVP-Volksinitiative \u201eBlackout stoppen\u201c ab. Sie will die \u00c4nderung unserer Verfassung, um den Bau von neuen<br>Atomkraftwerken in der Schweiz zu ermo\u0308glichen, obwohl im Jahr 2017 das Verbot f\u00fcr neue AKWs mit einem grossen Volksmehr verankert wurde. Angesichts dieser ern\u00fcchternden Ausgangslage zeigt J\u00fcrg Joss auf, was alles dahintersteckt und wie wir \u2013 die Widerstandsorganisationen \u2013 das M\u00e4rchen entzaubern werden.<\/p>\n\n\n\n<p class=\"has-text-align-center\"><mark style=\"background-color:rgba(0, 0, 0, 0)\" class=\"has-inline-color has-primary-color\"><strong>Hier Download Vortrag<\/strong><\/mark><\/p>\n\n\n<div class=\"wp-block-image\">\n<figure class=\"aligncenter size-full is-resized\"><a href=\"http:\/\/www.fokusantiatom.ch\/wp-content\/uploads\/2025\/01\/2025_01_15_KLAR-Neue-AKW-short.pdf\" target=\"_blank\" rel=\" noreferrer noopener\"><img loading=\"lazy\" decoding=\"async\" width=\"255\" height=\"141\" src=\"https:\/\/www.fokusantiatom.ch\/wp-content\/uploads\/2025\/01\/image.png\" alt=\"\" class=\"wp-image-2693\" style=\"width:258px;height:auto\"\/><\/a><\/figure>\n<\/div>\n\n\n<p class=\"has-text-align-center\"><a href=\"http:\/\/www.fokusantiatom.ch\/wp-content\/uploads\/2025\/01\/2025_01_15_KLAR-Neue-AKW-Handzettel.pdf\" data-type=\"link\" data-id=\"http:\/\/www.fokusantiatom.ch\/wp-content\/uploads\/2025\/01\/2025_01_15_KLAR-Neue-AKW-Handzettel.pdf\" target=\"_blank\" rel=\"noreferrer noopener\">Handzettel zur Pr\u00e4sentation: <\/a><\/p>\n\n\n<div class=\"wp-block-image\">\n<figure class=\"aligncenter size-full\"><a href=\"https:\/\/www.fokusantiatom.ch\/wp-content\/uploads\/2025\/01\/MarthalenEinlad.png\"><img loading=\"lazy\" decoding=\"async\" width=\"603\" height=\"846\" src=\"https:\/\/www.fokusantiatom.ch\/wp-content\/uploads\/2025\/01\/MarthalenEinlad.png\" alt=\"\" class=\"wp-image-2685\" srcset=\"https:\/\/www.fokusantiatom.ch\/wp-content\/uploads\/2025\/01\/MarthalenEinlad.png 603w, https:\/\/www.fokusantiatom.ch\/wp-content\/uploads\/2025\/01\/MarthalenEinlad-214x300.png 214w\" sizes=\"auto, (max-width: 603px) 100vw, 603px\" \/><\/a><\/figure>\n<\/div>\n\n\n<p><a href=\"https:\/\/www.andelfinger.ch\/themen\/weinland\/der-fokus-anti-atom\/\">Der Fokus: Anti-Atom | Andelfinger<\/a><\/p>\n\n\n\n<div data-wp-interactive=\"core\/file\" class=\"wp-block-file\"><object data-wp-bind--hidden=\"!state.hasPdfPreview\" hidden class=\"wp-block-file__embed\" data=\"https:\/\/www.fokusantiatom.ch\/wp-content\/uploads\/2025\/01\/Addendum-zum-Vortrag-in-Marthalen-JOSJ.pdf\" type=\"application\/pdf\" style=\"width:100%;height:600px\" aria-label=\"Einbettung von Addendum zum  Vortrag in Marthalen-JOSJ.\"><\/object><a id=\"wp-block-file--media-1c524c47-f56e-4bd6-bbb1-2d3d97ffbe00\" href=\"https:\/\/www.fokusantiatom.ch\/wp-content\/uploads\/2025\/01\/Addendum-zum-Vortrag-in-Marthalen-JOSJ.pdf\">Addendum zum  Vortrag in Marthalen-JOSJ<\/a><a href=\"https:\/\/www.fokusantiatom.ch\/wp-content\/uploads\/2025\/01\/Addendum-zum-Vortrag-in-Marthalen-JOSJ.pdf\" class=\"wp-block-file__button wp-element-button\" download aria-describedby=\"wp-block-file--media-1c524c47-f56e-4bd6-bbb1-2d3d97ffbe00\">Herunterladen<\/a><\/div>\n","protected":false},"excerpt":{"rendered":"<p>Das M\u00e4rchen beginnt so: \u201eEs wird einmal ein neues, modernes<\/p>\n","protected":false},"author":1,"featured_media":2686,"comment_status":"closed","ping_status":"closed","sticky":false,"template":"","format":"standard","meta":{"footnotes":""},"categories":[1],"tags":[],"class_list":["post-2681","post","type-post","status-publish","format-standard","has-post-thumbnail","hentry","category-allgemein"],"_links":{"self":[{"href":"https:\/\/www.fokusantiatom.ch\/index.php?rest_route=\/wp\/v2\/posts\/2681","targetHints":{"allow":["GET"]}}],"collection":[{"href":"https:\/\/www.fokusantiatom.ch\/index.php?rest_route=\/wp\/v2\/posts"}],"about":[{"href":"https:\/\/www.fokusantiatom.ch\/index.php?rest_route=\/wp\/v2\/types\/post"}],"author":[{"embeddable":true,"href":"https:\/\/www.fokusantiatom.ch\/index.php?rest_route=\/wp\/v2\/users\/1"}],"replies":[{"embeddable":true,"href":"https:\/\/www.fokusantiatom.ch\/index.php?rest_route=%2Fwp%2Fv2%2Fcomments&post=2681"}],"version-history":[{"count":10,"href":"https:\/\/www.fokusantiatom.ch\/index.php?rest_route=\/wp\/v2\/posts\/2681\/revisions"}],"predecessor-version":[{"id":2749,"href":"https:\/\/www.fokusantiatom.ch\/index.php?rest_route=\/wp\/v2\/posts\/2681\/revisions\/2749"}],"wp:featuredmedia":[{"embeddable":true,"href":"https:\/\/www.fokusantiatom.ch\/index.php?rest_route=\/wp\/v2\/media\/2686"}],"wp:attachment":[{"href":"https:\/\/www.fokusantiatom.ch\/index.php?rest_route=%2Fwp%2Fv2%2Fmedia&parent=2681"}],"wp:term":[{"taxonomy":"category","embeddable":true,"href":"https:\/\/www.fokusantiatom.ch\/index.php?rest_route=%2Fwp%2Fv2%2Fcategories&post=2681"},{"taxonomy":"post_tag","embeddable":true,"href":"https:\/\/www.fokusantiatom.ch\/index.php?rest_route=%2Fwp%2Fv2%2Ftags&post=2681"}],"curies":[{"name":"wp","href":"https:\/\/api.w.org\/{rel}","templated":true}]}}