{"id":444,"date":"2014-06-30T22:14:49","date_gmt":"2014-06-30T20:14:49","guid":{"rendered":"http:\/\/www.fokusantiatom.ch\/?p=444"},"modified":"2015-11-16T13:56:41","modified_gmt":"2015-11-16T12:56:41","slug":"alarmierende-personalsituation-im-akw-muehleberg","status":"publish","type":"post","link":"https:\/\/www.fokusantiatom.ch\/?p=444","title":{"rendered":"Alarmierende Personalsituation im AKW M\u00fchleberg"},"content":{"rendered":"<h4>AKW M\u00fchleberg Immer weniger Wissen und Erfahrung des Personals<\/h4>\n<p>Heute hat das <a href=\"http:\/\/static.ensi.ch\/1404110788\/ensi_aufsichtsbericht_web_2013.pdf\" target=\"_blank\">ENSI den j\u00e4hrlichen Aufsichtsbericht \u00fcber die Kernanlagen publiziert<\/a> . Fokus Anti-Atom hat mit Besorgnis festgestellt, dass im AKW M\u00fchleberg immer mehr erfahrenes Personal den Betrieb verl\u00e4sst. Nicht von ungef\u00e4hr hat das AKW die weitaus meisten Vorf\u00e4lle der Schweizer Anlagen verzeichnet. Gravierender Wissensschwund f\u00fcr einen Weiterbetrieb \u201eDie Personalfluktuation erreichte im Jahr 2013 einen Stand, welcher auf einen bedeutenden Verlust an werksspezifischem Wissen und Erfahrung hinweist.\u201c Dies schreibt das ENSI in seinem heute publizierten Aufsichtsbericht (Kap.2.7). Erfahrungen spielen in einem \u00fcber vierzigj\u00e4hrigen AKW eine beutende Rolle. J\u00fcngeres Personal ist mit der Technik der 1960-er Jahre zu wenig vertraut. Funktionsabl\u00e4ufe und technische Konstruktion unterscheiden sich erheblich von sp\u00e4teren Anlagen. J\u00fcrg Aerni, Pr\u00e4sident Fokus Anti-Atom: \u201eOffensichtlich sind die Angestellten nicht mehr motiviert, auf einen Endzeitbetrieb hin zu arbeiten, was diesen umso gef\u00e4hrlicher macht.\u201c Nicht von ungef\u00e4hr werden l\u00e4ngst pensionierte Ingenieure als Berater beigezogen . Dies wiegt umso schlimmer, als auch auf der Ebene des Managements der Sicherheit zu wenig Beachtung geschenkt wird, wie k\u00fcrzlich eine Expertengruppe der IAEA bei einer Kontrolle (OSART-Mission) bem\u00e4ngelt hat . Das ENSI hatte in seiner Beurteilung der zehnj\u00e4hrlichen Sicherheitsbeurteilung des AKW sogar den Verwaltungsrat kritisiert.<\/p>\n<figure id=\"attachment_741\" aria-describedby=\"caption-attachment-741\" style=\"width: 567px\" class=\"wp-caption aligncenter\"><a href=\"http:\/\/www.fokusantiatom.ch\/wp-content\/uploads\/2014\/06\/srf1-Personal.jpg\"><img loading=\"lazy\" decoding=\"async\" class=\" wp-image-741\" src=\"http:\/\/www.fokusantiatom.ch\/wp-content\/uploads\/2014\/06\/srf1-Personal-300x55.jpg\" alt=\"Im aktuell vorliegenden Jahresbericht 2013 des ENSI ist folgendes zu lesen: \u201eDie Personalfluktuation erreichte im Jahr 2013 einen Stand, welcher auf einen bedeutenden Verlust an werksspezifischem Wissen und Erfahrung hinweist. Das KKM hat 2013 keine gr\u00f6sseren organisatorischen \u00c4nderungen vorgenommen.\u201c\" width=\"567\" height=\"104\" srcset=\"https:\/\/www.fokusantiatom.ch\/wp-content\/uploads\/2014\/06\/srf1-Personal-300x55.jpg 300w, https:\/\/www.fokusantiatom.ch\/wp-content\/uploads\/2014\/06\/srf1-Personal.jpg 616w\" sizes=\"auto, (max-width: 567px) 100vw, 567px\" \/><\/a><figcaption id=\"caption-attachment-741\" class=\"wp-caption-text\">Im aktuell vorliegenden Jahresbericht 2013 des ENSI ist folgendes zu lesen: \u201eDie Personalfluktuation erreichte im Jahr 2013 einen Stand, welcher auf einen bedeutenden Verlust an werksspezifischem Wissen und Erfahrung hinweist. Das KKM hat 2013 keine gr\u00f6sseren organisatorischen \u00c4nderungen vorgenommen.\u201c<\/figcaption><\/figure>\n<p>Medienmitteilung Fokus Anti-Atom:\u00a0<a href=\"http:\/\/www.fokusantiatom.ch\/wp-content\/uploads\/2015\/11\/2014_06_30-FAA-ENSIJahresbericht.pdf\" target=\"_blank\">2014_06_30-FAA-ENSIJahresbericht<\/a><\/p>\n<p>&nbsp;<\/p>\n<table>\n<tbody>\n<tr>\n<td>24.7.2014 BZ<\/td>\n<td><a href=\"http:\/\/www.bernerzeitung.ch\/schweiz\/standard\/AKW-Muehleberg-liefen-Mitarbeiter-davon-\/story\/26889280\" target=\"_blank\">AKW M\u00fchleberg liefen Mitarbeiter davon<\/a><\/td>\n<\/tr>\n<tr>\n<td>22.07.2014 srf<\/td>\n<td><a href=\"http:\/\/www.srf.ch\/player\/tv\/videoembed?id=f535b49f-6585-450d-95bd-586bbeacd4a7&amp;width=640&amp;height=360&amp;mode=embed&amp;autoplay=true\" target=\"_blank\">Kein Personal f\u00fcrs AKW<\/a><\/td>\n<\/tr>\n<tr>\n<td>24.07.2014 AZ<\/td>\n<td>\n<p class=\"headlinefull\"><a href=\"http:\/\/www.aargauerzeitung.ch\/aargau\/zurzach\/gibt-es-in-den-aargauer-akw-einen-fachkraeftemangel-128199185\" target=\"_blank\">Gibt es in den Aargauer AKW einen Fachkr\u00e4ftemangel?<\/a><\/p>\n<\/td>\n<\/tr>\n<tr>\n<td>24.07.2014 DerBund<\/td>\n<td><a href=\"http:\/\/www.derbund.ch\/bern\/kanton\/BKW-braucht-neue-Leute-fuer-den-Kommandoraum-in-Muehleberg------\/story\/10780949\" target=\"_blank\">BKW braucht neue Leute f\u00fcr den Kommandoraum in M\u00fchleberg<\/a><\/td>\n<\/tr>\n<tr>\n<td>22.07.2014<\/td>\n<td><a href=\"http:\/\/www.srf.ch\/play\/tv\/10vor10\/video\/kein-personal-fuers-akw?id=f535b49f-6585-450d-95bd-586bbeacd4a7\" target=\"_blank\">Kein Personal f\u00fcrs AKW<\/a><\/td>\n<\/tr>\n<tr>\n<td>03.07.2014<\/td>\n<td><a href=\"http:\/\/www.infosperber.ch\/Artikel\/Umwelt\/Ensi-Atomaufsicht-Risiko\" target=\"_blank\">AKW: Riskante Personalprobleme<\/a><\/td>\n<\/tr>\n<\/tbody>\n<\/table>\n<p>&nbsp;<\/p>\n<h2>Weiterf\u00fchrendes zu Personalproblemen in AKW<\/h2>\n<p>&nbsp;<\/p>\n<p><strong>Ueli Jost (72) pensionierter M\u00fchleberg Mitarbeiter <a href=\"http:\/\/www.srf.ch\/play\/tv\/eco\/video\/ein-leben-lang-im-kernkraftwerk?id=72fd782e-dafb-4006-aad6-40ceeff4fb2d\" target=\"_blank\">in einem Beitrag des srf.ch<\/a> r\u00fchmt sich noch regelm\u00e4ssig\u00a0ins AKW gehen zu m\u00fcssen.<\/strong>\u00a0<a href=\"http:\/\/fredi-lerch.ch\/index.php?id=149&amp;type=98&amp;tx_ttnews%5Btt_news%5D=535\" target=\"_blank\">Dazu ein Text von Fredi Lerch:<\/a>\u00a0<em>IV \u00a0 \u00a0Jetzt, wo das Risiko zunimmt, beginnt das Personal davonzulaufen<\/em><strong> \/\u00a0<\/strong>Vor einem Jahr hat das SRF-Fernsehmagazin \u00abECO\u00bb Ueli Jost portr\u00e4tiert. \u00abVon Beginn weg\u00bb, also seit 1971, habe dieser Elektroingenieur im AKW M\u00fchleberg gearbeitet und auch heute noch, mit 72 Jahren, sei er teilzeitig dabei. \u00abIch kenne die Anlage \u00e0 fond, wie sie wahrscheinlich nur wenige kennen\u00bb, sagte er stolz in die Kamera: Gegen\u00fcber Otto Normalverbraucher habe er einen gewaltigen Wissensvorsprung und k\u00f6nne die Anlage besser beurteilen \u00abals jeder, der seine Informationen aus der Zeitung nehmen muss\u00bb. \u00a0Man nickt ehrf\u00fcrchtig: Wer \u00fcber AKWs nur aus den Zeitungen informiert ist, hat keine Ahnung. Da spricht ein alter, weiser Mann zu Unwissenden, um \u2013 soweit es ihm sein Schweigegel\u00fcbde erlaubt \u2013 anzudeuten, dass er \u00fcber geheimes Herrschaftswissen verf\u00fcgt. \u00abEs gibt mehr Ding&#8216; im Himmel und auf Erden,\u2028Als Eure Schulweisheit sich tr\u00e4umt, Horatio.\u00bb Jaja.<\/p>\n<p>&nbsp;<\/p>\n<p>Die <a title=\"OSART Mission im AKW M\u00fchleberg 2012\" href=\"http:\/\/static.ensi.ch\/1359642780\/osart-report-muhleberg_8-january-2013.pdf\" target=\"_blank\">OSART Mission im Oktober 2012\u00a0<\/a>stellte im AKW M\u00fchleberg fest das das Betriebspersonal hohe \u00dcberzeitsalden aufweist: &#8222;3.1 ORGANIZATION AND FUNCTIONS,\u00a0The Operations department has a good succession plan in place. Although the 6 shift teams are currently well staffed for the normal daily operations, a limited number of <strong>people in Operations have a lot of overtime hours<\/strong>, mainly due to the yearly outage. The team encourages the plant to investigate how overtime hours can be avoided or reduced in the future.&#8220;<\/p>\n<p>&nbsp;<\/p>\n<p>Auch dem <a title=\"Auch Ensi leidet unter Personalmangel\" href=\"http:\/\/www.infosperber.ch\/Artikel\/Umwelt\/Ensi-Atomaufsicht-Risiko\" target=\"_blank\">ENSI leidet unter\u00a0Personalmangel<\/a>. Im ENSI-Rat Bericht 2013 steht: <strong><em>\u201eEs kann mittelfristig schwierig\u00a0werden, die notwendigen personellen Ressourcen\u00a0zu rekrutieren,\u00a0um so das notwendige Know-how f\u00fcr die Aufsichtst\u00e4tigkeit zu erhalten.\u00bb<\/em><\/strong><\/p>\n<p>&nbsp;<\/p>\n<p>Im\u00a0<a title=\"Zuwenig Resourcen beim ENSI\" href=\"http:\/\/www.ensi.ch\/de\/document\/taetigkeitsbericht-und-geschaeftsbericht-des-ensi-rats-2013\/\">T\u00e4tigkeitsbericht des ENSI <\/a>findet \u00a0folgender Hinweis zum Personalmangel:\u00a0<em>\u201eDie Gesch\u00e4ftsleitung des ENSI entschied, den Aufsichts-, den Strahlenschutz- sowie den Erfahrungs-und Forschungsbericht14 aufgrund der im ENSI anstehenden Aufsichtst\u00e4tigkeiten ressourcenbedingt rund zwei Monate sp\u00e4ter zu ver\u00f6ffentlichen.\u201c<\/em><\/p>\n<p>&nbsp;<\/p>\n<p>Die Pl\u00e4ne der Schweizer Atomlobby neue AKW zu bauen, welche im Kanton Bern im Jahr 2011 zur absurden M\u00fchlebergersatz-Abstimmung f\u00fchrte, waren absurd. Schon damals erkannten sie selbst dass sie ungen\u00fcgend Personal zum Bau von AKW hat.<\/p>\n<p>Hier Links zu Vortr\u00e4gen welche bereits 2010 (Planung von AKW-Neubauten) auf Personal-Ressourcenprobleme eingingen<\/p>\n<p>Die Resun welche <a title=\"Fachkr\u00e4ftemangel\" href=\"http:\/\/www.kernfachleute.ch\/images\/stories\/yg_treffen\/2010_eth_05_resun_hacker.pdf%C2%A0\" target=\"_blank\">neue AKW in Beznau und M\u00fchleberg<\/a>\u00a0(Seite 6+9) plante, hielt folgendes fest: \u201eHerausforderungen einzelner Dimensionen,\u00a0Ressourcen \/ Knowhow <em>\u2013\u00a0Fachspezialisten heute sehr gesucht, in den Werken, bei Aufsichtsbeh\u00f6rden und f\u00fcr Neubauprojekte sowie in der\u00a0Entwicklung.\u201c<\/em><\/p>\n<p>Die Alpiq welche ein <a title=\"Lack of People\" href=\"http:\/\/www.kernfachleute.ch\/images\/stories\/yg_treffen\/2010_eth_04_alpiq_plaschy.pdf\" target=\"_blank\">neues AKW in G\u00f6sgen <\/a>(Seite36)\u00a0bauen wollte, stellte \u00a0fest es fehlen Personen bei Aufsicht und Entwicklung.<\/p>\n<p><strong><em>\u201e-\u00a0Lack of people in the safety authorities (ENSI)<\/em><\/strong><br \/>\n<strong><em>\u2013\u00a0Lack of people in the research centers (PSI, \u2026)\u201c<\/em><\/strong><\/p>\n<p>&nbsp;<\/p>\n<p><strong>\u00a0Auch Beznau hat Personalprobleme!<\/strong><\/p>\n<p>Da hat die <a href=\"http:\/\/www.aargauerzeitung.ch\/aargau\/kanton-aargau\/gibt-es-in-den-aargauer-akw-einen-fachkraeftemangel-128199185\" target=\"_blank\">Aargauerzeitung\u00a0<\/a>ungen\u00fcgend Recherchiert. Auszug aus dem ENSI Jahresbericht 2013: \u201eDie in fr\u00fcheren Aufsichtsberichten des ENSI angesprochenen Personalfluktuationen in der Leitung des operationellen Strahlenschutzes waren auch im Berichtsjahr 2013 ein Thema.\u201c<\/p>\n","protected":false},"excerpt":{"rendered":"<p>AKW M\u00fchleberg Immer weniger Wissen und Erfahrung des Personals Heute<\/p>\n","protected":false},"author":1,"featured_media":740,"comment_status":"open","ping_status":"open","sticky":false,"template":"","format":"standard","meta":{"footnotes":""},"categories":[6],"tags":[8,29,7,28],"class_list":["post-444","post","type-post","status-publish","format-standard","has-post-thumbnail","hentry","category-muehleberg","tag-akw","tag-ensi","tag-muehleberg","tag-personal"],"_links":{"self":[{"href":"https:\/\/www.fokusantiatom.ch\/index.php?rest_route=\/wp\/v2\/posts\/444","targetHints":{"allow":["GET"]}}],"collection":[{"href":"https:\/\/www.fokusantiatom.ch\/index.php?rest_route=\/wp\/v2\/posts"}],"about":[{"href":"https:\/\/www.fokusantiatom.ch\/index.php?rest_route=\/wp\/v2\/types\/post"}],"author":[{"embeddable":true,"href":"https:\/\/www.fokusantiatom.ch\/index.php?rest_route=\/wp\/v2\/users\/1"}],"replies":[{"embeddable":true,"href":"https:\/\/www.fokusantiatom.ch\/index.php?rest_route=%2Fwp%2Fv2%2Fcomments&post=444"}],"version-history":[{"count":7,"href":"https:\/\/www.fokusantiatom.ch\/index.php?rest_route=\/wp\/v2\/posts\/444\/revisions"}],"predecessor-version":[{"id":746,"href":"https:\/\/www.fokusantiatom.ch\/index.php?rest_route=\/wp\/v2\/posts\/444\/revisions\/746"}],"wp:featuredmedia":[{"embeddable":true,"href":"https:\/\/www.fokusantiatom.ch\/index.php?rest_route=\/wp\/v2\/media\/740"}],"wp:attachment":[{"href":"https:\/\/www.fokusantiatom.ch\/index.php?rest_route=%2Fwp%2Fv2%2Fmedia&parent=444"}],"wp:term":[{"taxonomy":"category","embeddable":true,"href":"https:\/\/www.fokusantiatom.ch\/index.php?rest_route=%2Fwp%2Fv2%2Fcategories&post=444"},{"taxonomy":"post_tag","embeddable":true,"href":"https:\/\/www.fokusantiatom.ch\/index.php?rest_route=%2Fwp%2Fv2%2Ftags&post=444"}],"curies":[{"name":"wp","href":"https:\/\/api.w.org\/{rel}","templated":true}]}}