{"id":586,"date":"2001-09-18T22:17:38","date_gmt":"2001-09-18T20:17:38","guid":{"rendered":"http:\/\/www.fokusantiatom.ch\/?p=586"},"modified":"2015-11-07T00:10:18","modified_gmt":"2015-11-06T23:10:18","slug":"hsk-luegt-zu-flugzeugabsturz","status":"publish","type":"post","link":"https:\/\/www.fokusantiatom.ch\/?p=586","title":{"rendered":"HSK l\u00fcgt zu Flugzeugabsturz"},"content":{"rendered":"<p>Die Pressemeldung die alles sagt,\u00a0Atom-Agentur &#8211; Atomkraftwerke halten nicht stand, Der Bund,18.09.2001,sda\/dpa<\/p>\n<p>&#8222;Terrorgruppen besitzen nach Erkenntnissen der Internationalen Atomenergie-Organisation (IAEO) in Wien keine Atomwaffen. Trotzdem sieht ein IAEO-Sprecher atomare Gefahren: Einem \u00e4hnlichen Terroranschlag mit einem grossen Passagierflugzeug wie in New York oder in Washington werde ein westliches Kernkraftwerk nicht standhalten k\u00f6nnen. Ein AKW sei mit einem Flugzeug allerdings viel schwerer zu treffen als die riesigen Geb\u00e4ude des World Trade Centers oder des Pentagons.&#8220;<\/p>\n<h4>HSK l\u00fcgt zu Flugzeugabsturz<\/h4>\n<p>In der &#8222;Rundschau&#8220; vom 12. September 2001 des Schweizer Fernsehens SF1 hat der Direktor der Hauptabteilung f\u00fcr die Sicherheit der Kernanlagen (HSK) behauptet, s\u00e4mtliche schweizerischen AKW seien gegen Flugzeugabst\u00fcrze gesichert. Diese Aussage ist belegbar falsch. Wir von der Aktion M\u00fchleberg stillegen welche seit Jahren darauf aufmerksam machen dass das AKW M\u00fchleberg und weitere AKW nicht gegen Flugzeugabsturz gesichert sind waren von Jeschkis L\u00fcge geschockt. Nach den Ereignissen in Amerika hatten wir Skrupel die Thematik Flugzeugabsturz als Terrorismusakt auf AKW aufzunehmen und beschlossen mit unserem Thema im Moment keine Bez\u00fcge zur Trag\u00f6die in den USA zu schaffen. Wird jedoch in einer \u00f6ffentlichen Sendung von Mitgliedern der \u00dcberwachungsbeh\u00f6rde so arg gelogen, setzen wir die Tatsachen ins richtige Lot.<\/p>\n<p><a href=\"http:\/\/www.fokusantiatom.ch\/wp-content\/uploads\/2001\/09\/PRESSEPM.pdf\" target=\"_blank\">Medienmitteilung der AM\u00fcs<\/a><\/p>\n<p><a href=\"http:\/\/www.fokusantiatom.ch\/wp-content\/uploads\/2001\/09\/RS12092001.pdf\" target=\"_blank\">Jeschkis Aussagen in der Rundschau vom 12.09.2001<\/a><\/p>\n<p><a href=\"http:\/\/www.fokusantiatom.ch\/wp-content\/uploads\/2001\/09\/FLUGABSTURZ.pdf\" target=\"_blank\">Ausz\u00fcge aus der M\u00fchleberg Sicherheitsstudie 1991 und Musa 1990<\/a><\/p>\n","protected":false},"excerpt":{"rendered":"<p>Die Pressemeldung die alles sagt,\u00a0Atom-Agentur &#8211; Atomkraftwerke halten nicht stand,<\/p>\n","protected":false},"author":1,"featured_media":592,"comment_status":"open","ping_status":"open","sticky":false,"template":"","format":"standard","meta":{"footnotes":""},"categories":[6],"tags":[8,41,40,42],"class_list":["post-586","post","type-post","status-publish","format-standard","has-post-thumbnail","hentry","category-muehleberg","tag-akw","tag-fla","tag-flugzeugabsturz","tag-hsk"],"_links":{"self":[{"href":"https:\/\/www.fokusantiatom.ch\/index.php?rest_route=\/wp\/v2\/posts\/586","targetHints":{"allow":["GET"]}}],"collection":[{"href":"https:\/\/www.fokusantiatom.ch\/index.php?rest_route=\/wp\/v2\/posts"}],"about":[{"href":"https:\/\/www.fokusantiatom.ch\/index.php?rest_route=\/wp\/v2\/types\/post"}],"author":[{"embeddable":true,"href":"https:\/\/www.fokusantiatom.ch\/index.php?rest_route=\/wp\/v2\/users\/1"}],"replies":[{"embeddable":true,"href":"https:\/\/www.fokusantiatom.ch\/index.php?rest_route=%2Fwp%2Fv2%2Fcomments&post=586"}],"version-history":[{"count":3,"href":"https:\/\/www.fokusantiatom.ch\/index.php?rest_route=\/wp\/v2\/posts\/586\/revisions"}],"predecessor-version":[{"id":593,"href":"https:\/\/www.fokusantiatom.ch\/index.php?rest_route=\/wp\/v2\/posts\/586\/revisions\/593"}],"wp:featuredmedia":[{"embeddable":true,"href":"https:\/\/www.fokusantiatom.ch\/index.php?rest_route=\/wp\/v2\/media\/592"}],"wp:attachment":[{"href":"https:\/\/www.fokusantiatom.ch\/index.php?rest_route=%2Fwp%2Fv2%2Fmedia&parent=586"}],"wp:term":[{"taxonomy":"category","embeddable":true,"href":"https:\/\/www.fokusantiatom.ch\/index.php?rest_route=%2Fwp%2Fv2%2Fcategories&post=586"},{"taxonomy":"post_tag","embeddable":true,"href":"https:\/\/www.fokusantiatom.ch\/index.php?rest_route=%2Fwp%2Fv2%2Ftags&post=586"}],"curies":[{"name":"wp","href":"https:\/\/api.w.org\/{rel}","templated":true}]}}