{"id":621,"date":"2008-02-26T23:15:31","date_gmt":"2008-02-26T22:15:31","guid":{"rendered":"http:\/\/www.fokusantiatom.ch\/?p=621"},"modified":"2015-11-07T00:07:22","modified_gmt":"2015-11-06T23:07:22","slug":"die-risse-im-kernmantel-des-akw-muehleberg-sind-am-limit","status":"publish","type":"post","link":"https:\/\/www.fokusantiatom.ch\/?p=621","title":{"rendered":"Die Risse im Kernmantel des AKW M\u00fchleberg sind am Limit"},"content":{"rendered":"<p>An die Medien,<\/p>\n<p>Die Risse im Kernmantel des AKW M\u00fchleberg sind am Limit.<\/p>\n<p>In einem offenen Brief ersucht Fokus Anti-Atom Bundesrat Moritz Leuenberger, Vorsteher des zust\u00e4ndigen Departements f\u00fcr Umwelt, Verkehr, Energie und Kommunikation, Schritte f\u00fcr die Ausserbetriebnahme des AKW M\u00fchleberg einzuleiten.<\/p>\n<p>Wir senden Ihnen hier als Beilagen den Brief an den Bundesrat und die Medienmittelung mit einem ausf\u00fchrlichen Hintergrundartikel.<\/p>\n<p><a href=\"http:\/\/www.fokusantiatom.ch\/wp-content\/uploads\/2008\/02\/Leuenberger1.doc\">25.02.2008 Brief an BR Leuenberger1<\/a><\/p>\n<p><a href=\"http:\/\/www.fokusantiatom.ch\/wp-content\/uploads\/2008\/02\/2008_02_25_Risse007.pdf\">Bedrohliches Wachstum der M\u00fchleberg-Risse <\/a><\/p>\n<p>Mit freundlichen Gr\u00fcssen,\u00a0Fokus Anti-Atom<\/p>\n<p>Kontakt:<\/p>\n<p>J\u00fcrg Aerni\u00a0\u00a0\u00a0\u00a0\u00a0\u00a0\u00a0\u00a0\u00a0\u00a0 076 508 46 91<\/p>\n<p>J\u00fcrg Joss\u00a0\u00a0\u00a0\u00a0\u00a0\u00a0\u00a0\u00a0\u00a0\u00a0\u00a0\u00a0\u00a0 079 330 06 60An die Medien<\/p>\n","protected":false},"excerpt":{"rendered":"<p>An die Medien, Die Risse im Kernmantel des AKW M\u00fchleberg<\/p>\n","protected":false},"author":1,"featured_media":626,"comment_status":"open","ping_status":"open","sticky":false,"template":"","format":"standard","meta":{"footnotes":""},"categories":[6],"tags":[16,7,17],"class_list":["post-621","post","type-post","status-publish","format-standard","has-post-thumbnail","hentry","category-muehleberg","tag-kernmantel","tag-muehleberg","tag-risse"],"_links":{"self":[{"href":"https:\/\/www.fokusantiatom.ch\/index.php?rest_route=\/wp\/v2\/posts\/621","targetHints":{"allow":["GET"]}}],"collection":[{"href":"https:\/\/www.fokusantiatom.ch\/index.php?rest_route=\/wp\/v2\/posts"}],"about":[{"href":"https:\/\/www.fokusantiatom.ch\/index.php?rest_route=\/wp\/v2\/types\/post"}],"author":[{"embeddable":true,"href":"https:\/\/www.fokusantiatom.ch\/index.php?rest_route=\/wp\/v2\/users\/1"}],"replies":[{"embeddable":true,"href":"https:\/\/www.fokusantiatom.ch\/index.php?rest_route=%2Fwp%2Fv2%2Fcomments&post=621"}],"version-history":[{"count":3,"href":"https:\/\/www.fokusantiatom.ch\/index.php?rest_route=\/wp\/v2\/posts\/621\/revisions"}],"predecessor-version":[{"id":627,"href":"https:\/\/www.fokusantiatom.ch\/index.php?rest_route=\/wp\/v2\/posts\/621\/revisions\/627"}],"wp:featuredmedia":[{"embeddable":true,"href":"https:\/\/www.fokusantiatom.ch\/index.php?rest_route=\/wp\/v2\/media\/626"}],"wp:attachment":[{"href":"https:\/\/www.fokusantiatom.ch\/index.php?rest_route=%2Fwp%2Fv2%2Fmedia&parent=621"}],"wp:term":[{"taxonomy":"category","embeddable":true,"href":"https:\/\/www.fokusantiatom.ch\/index.php?rest_route=%2Fwp%2Fv2%2Fcategories&post=621"},{"taxonomy":"post_tag","embeddable":true,"href":"https:\/\/www.fokusantiatom.ch\/index.php?rest_route=%2Fwp%2Fv2%2Ftags&post=621"}],"curies":[{"name":"wp","href":"https:\/\/api.w.org\/{rel}","templated":true}]}}